{"id":195,"date":"2024-11-28T17:10:16","date_gmt":"2024-11-28T16:10:16","guid":{"rendered":"https:\/\/www.adventsinger.de\/website\/?p=195"},"modified":"2024-11-28T17:11:00","modified_gmt":"2024-11-28T16:11:00","slug":"was-macht-weihnachten-eigentlich-besonders","status":"publish","type":"post","link":"https:\/\/www.adventsinger.de\/website\/2024\/11\/28\/was-macht-weihnachten-eigentlich-besonders\/","title":{"rendered":"Was macht Weihnachten eigentlich besonders?"},"content":{"rendered":"\n<p>Weihnachten ist f\u00fcr viele Menschen eine der sch\u00f6nsten Zeiten im Jahr und das aus gutem Grund. Es ist ein Fest voller W\u00e4rme, Gemeinschaft und Magie. Hier haben wir einige Aspekte gesammelt, die Weihnachten besonders machen &#8230;<\/p>\n\n\n\n<hr class=\"wp-block-separator has-alpha-channel-opacity\"\/>\n\n\n\n<h3 class=\"wp-block-heading\">Zeit f\u00fcr Familie und Freunde<\/h3>\n\n\n\n<ul class=\"wp-block-list\">\n<li>Weihnachten ist eine Zeit, in der Menschen zusammenkommen, um gemeinsame Momente zu genie\u00dfen. Es bietet die Gelegenheit, die Hektik des Alltags hinter sich zu lassen und sich auf das Miteinander zu konzentrieren.<\/li>\n\n\n\n<li>Traditionen wie das Schm\u00fccken des Weihnachtsbaums, das gemeinsame Essen und das Austauschen von Geschenken schaffen besondere Erinnerungen.<\/li>\n<\/ul>\n\n\n\n<hr class=\"wp-block-separator has-alpha-channel-opacity\"\/>\n\n\n\n<h3 class=\"wp-block-heading\">Besinnlichkeit und Freude<\/h3>\n\n\n\n<ul class=\"wp-block-list\">\n<li>Weihnachten l\u00e4dt ein, innezuhalten und sich auf das Wesentliche im Leben zu besinnen: Liebe, Dankbarkeit und Zusammenhalt.<\/li>\n\n\n\n<li>Die Botschaft von Frieden und N\u00e4chstenliebe ber\u00fchrt viele Menschen und erinnert daran, Gutes zu tun und f\u00fcreinander da zu sein.<\/li>\n<\/ul>\n\n\n\n<hr class=\"wp-block-separator has-alpha-channel-opacity\"\/>\n\n\n\n<h3 class=\"wp-block-heading\">Magische Atmosph\u00e4re<\/h3>\n\n\n\n<ul class=\"wp-block-list\">\n<li>Lichterketten, festliche Dekorationen und der Duft von Zimt, Pl\u00e4tzchen und Tannengr\u00fcn verwandeln die Umgebung in eine zauberhafte Welt.<\/li>\n\n\n\n<li>Weihnachtsm\u00e4rkte, geschm\u00fcckte Stra\u00dfen und die Vorfreude auf das Fest schaffen eine einzigartige Stimmung.<\/li>\n<\/ul>\n\n\n\n<hr class=\"wp-block-separator has-alpha-channel-opacity\"\/>\n\n\n\n<h3 class=\"wp-block-heading\">Rituale und Traditionen<\/h3>\n\n\n\n<ul class=\"wp-block-list\">\n<li>Adventskalender, Weihnachtslieder, das Backen von Pl\u00e4tzchen oder das Vorlesen von Geschichten wie\u00a0<em>&#8222;Die Weihnachtsgeschichte&#8220;<\/em>\u00a0bringen Struktur und Freude in die Adventszeit.<\/li>\n\n\n\n<li>Viele Familien haben ihre eigenen kleinen Traditionen, die Weihnachten besonders machen.<\/li>\n<\/ul>\n\n\n\n<hr class=\"wp-block-separator has-alpha-channel-opacity\"\/>\n\n\n\n<h3 class=\"wp-block-heading\">Geschenke und Freude schenken<\/h3>\n\n\n\n<ul class=\"wp-block-list\">\n<li>Das Schenken geh\u00f6rt f\u00fcr viele zum Fest dazu, weniger aus materiellem Grund, sondern als Ausdruck von Wertsch\u00e4tzung und Liebe.<\/li>\n\n\n\n<li>Die Freude, anderen eine \u00dcberraschung zu bereiten, ist oft genauso sch\u00f6n wie das eigene Auspacken.<\/li>\n<\/ul>\n\n\n\n<hr class=\"wp-block-separator has-alpha-channel-opacity\"\/>\n\n\n\n<h3 class=\"wp-block-heading\">Kulinarische Gen\u00fcsse<\/h3>\n\n\n\n<ul class=\"wp-block-list\">\n<li>Festliche Mahlzeiten wie G\u00e4nsebraten, Raclette oder Fondue und s\u00fc\u00dfe Leckereien wie Stollen, Lebkuchen oder selbst gebackene Kekse machen Weihnachten zu einem Genuss f\u00fcr alle Sinne.<\/li>\n<\/ul>\n\n\n\n<hr class=\"wp-block-separator has-alpha-channel-opacity\"\/>\n\n\n\n<h3 class=\"wp-block-heading\">Glaube und Spiritualit\u00e4t<\/h3>\n\n\n\n<ul class=\"wp-block-list\">\n<li>F\u00fcr Christen hat Weihnachten eine tief religi\u00f6se Bedeutung: die Feier der Geburt Jesu Christi als Symbol der Hoffnung und Erl\u00f6sung.<\/li>\n\n\n\n<li>Auch f\u00fcr Menschen ohne religi\u00f6sen Bezug ist Weihnachten oft ein Moment der inneren Einkehr.<\/li>\n<\/ul>\n\n\n\n<hr class=\"wp-block-separator has-alpha-channel-opacity\"\/>\n\n\n\n<h3 class=\"wp-block-heading\">Zeit der Hoffnung<\/h3>\n\n\n\n<ul class=\"wp-block-list\">\n<li>Weihnachten f\u00e4llt in die dunkle Jahreszeit, bringt aber Licht und Hoffnung. Es ist eine Erinnerung daran, dass auch nach den dunkelsten Tagen wieder Helligkeit und Freude kommen.<\/li>\n<\/ul>\n\n\n\n<hr class=\"wp-block-separator has-alpha-channel-opacity\"\/>\n\n\n\n<p>Das Zusammenspiel aus Tradition, Gemeinschaft, Besinnlichkeit und Freude macht Weihnachten so besonders \u2013 ein Fest, das mit Freunden und Familie, Herzen erw\u00e4rmt und verbindet.<\/p>\n","protected":false},"excerpt":{"rendered":"<p>Weihnachten ist f\u00fcr viele Menschen eine der sch\u00f6nsten Zeiten im Jahr und das aus gutem Grund. Es ist ein Fest voller W\u00e4rme, Gemeinschaft und Magie. Hier haben wir einige Aspekte gesammelt, die Weihnachten besonders machen &#8230; Zeit f\u00fcr Familie und Freunde Besinnlichkeit und Freude Magische Atmosph\u00e4re Rituale und Traditionen Geschenke und Freude schenken Kulinarische Gen\u00fcsse [&hellip;]<\/p>\n","protected":false},"author":1,"featured_media":196,"comment_status":"open","ping_status":"open","sticky":false,"template":"","format":"standard","meta":{"footnotes":""},"categories":[1],"tags":[14],"class_list":["post-195","post","type-post","status-publish","format-standard","has-post-thumbnail","hentry","category-allgemein","tag-weihnachten"],"_links":{"self":[{"href":"https:\/\/www.adventsinger.de\/website\/wp-json\/wp\/v2\/posts\/195","targetHints":{"allow":["GET"]}}],"collection":[{"href":"https:\/\/www.adventsinger.de\/website\/wp-json\/wp\/v2\/posts"}],"about":[{"href":"https:\/\/www.adventsinger.de\/website\/wp-json\/wp\/v2\/types\/post"}],"author":[{"embeddable":true,"href":"https:\/\/www.adventsinger.de\/website\/wp-json\/wp\/v2\/users\/1"}],"replies":[{"embeddable":true,"href":"https:\/\/www.adventsinger.de\/website\/wp-json\/wp\/v2\/comments?post=195"}],"version-history":[{"count":1,"href":"https:\/\/www.adventsinger.de\/website\/wp-json\/wp\/v2\/posts\/195\/revisions"}],"predecessor-version":[{"id":197,"href":"https:\/\/www.adventsinger.de\/website\/wp-json\/wp\/v2\/posts\/195\/revisions\/197"}],"wp:featuredmedia":[{"embeddable":true,"href":"https:\/\/www.adventsinger.de\/website\/wp-json\/wp\/v2\/media\/196"}],"wp:attachment":[{"href":"https:\/\/www.adventsinger.de\/website\/wp-json\/wp\/v2\/media?parent=195"}],"wp:term":[{"taxonomy":"category","embeddable":true,"href":"https:\/\/www.adventsinger.de\/website\/wp-json\/wp\/v2\/categories?post=195"},{"taxonomy":"post_tag","embeddable":true,"href":"https:\/\/www.adventsinger.de\/website\/wp-json\/wp\/v2\/tags?post=195"}],"curies":[{"name":"wp","href":"https:\/\/api.w.org\/{rel}","templated":true}]}}